{"id":516,"date":"2020-11-04T01:03:46","date_gmt":"2020-11-04T01:03:46","guid":{"rendered":"https:\/\/kesziert.online\/kulturne-pamiatky\/"},"modified":"2020-11-12T07:16:10","modified_gmt":"2020-11-12T07:16:10","slug":"kulturne-pamiatky","status":"publish","type":"post","link":"https:\/\/kesziert.online\/sk\/kulturne-pamiatky\/","title":{"rendered":"Kult\u00farne pamiatky"},"content":{"rendered":"\n[et_pb_section fb_built=&#8221;1&#8243; _builder_version=&#8221;4.5.1&#8243; _module_preset=&#8221;default&#8221; custom_padding=&#8221;3px||0px|||&#8221;][et_pb_row _builder_version=&#8221;4.5.1&#8243; _module_preset=&#8221;default&#8221; custom_padding=&#8221;0px|||||&#8221;][et_pb_column type=&#8221;4_4&#8243; _builder_version=&#8221;4.5.1&#8243; _module_preset=&#8221;default&#8221;][et_pb_text _builder_version=&#8221;4.5.1&#8243; _module_preset=&#8221;default&#8221; animation_style=&#8221;fade&#8221; hover_enabled=&#8221;0&#8243;]<p>V obci Ve\u013ek\u00e9 Kosihy\u00a0kedysi st\u00e1l r\u00edmskokatol\u00edcky kostol, ktor\u00fd sa spom\u00edna v P\u00e1zm\u00e1nyovom s\u00fapise ako star\u00fd. In\u00e1 zmienka o tejto stavbe sa nezachovala. Zni\u010den\u00e1 bola zrejme za tureck\u00fdch vojen spolu s obcou.<br \/>V roku 1652 v zozname kalv\u00ednskych farnost\u00ed\u00a0sa spom\u00ednaj\u00fa aj Ve\u013ek\u00e9 Kosihy. Mala f\u00edlie v Mal\u00fdch Kosih\u00e1ch a Arcibiskupskom L\u00e9li. Ur\u010dite u\u017e v tomto \u010dase tu st\u00e1lo dreven\u00e9 orat\u00f3rium. Kalv\u00ednsky kostol v obci bol postaven\u00fd u\u017e pred polovicou 18. storo\u010dia, ale t\u00fato stavbu v roku 1763 zni\u010dilo zemetrasenie. Preto v roku 1764 bol postaven\u00fd nov\u00fd kostol, ale stavba r\u00fdchlo sch\u00e1trala a tak v roku 1819 bol vybudovan\u00fd tret\u00ed tunaj\u0161\u00ed kalv\u00ednsky kostol v klasicistickom slohu. V roku 1840 budovu po\u0161kodil po\u017eiar, ale t\u00e1 bola vz\u00e1p\u00e4t\u00ed opraven\u00e1. Stavba bola nesk\u00f4r viackr\u00e1t opravovan\u00e1.<br \/>Po z\u00edskan\u00ed financi\u00ed &#8211; v lete 2004 &#8211; sa za\u010dala kompletn\u00e1 renov\u00e1cia kostola. Kon\u0161trukcia strechy bola obnoven\u00e1 a strecha dostala nov\u00e9 \u0161kridle. Obnovili vonkaj\u0161ie aj vn\u00fatorn\u00e9 steny kostola. K\u00a0financovaniu pr\u00e1ce prispela miestna samospr\u00e1va obce, po\u013enohospod\u00e1rske dru\u017estvo, Sz\u00fcl\u0151f\u00f6ld Alap, fond pomoci Slovenskej reformovanej kres\u0165anskej cirkvi a samozrejme \u010dlenovia cirkevn\u00e9ho zboru obce. Kostol bol v roku 2010 vysv\u00e4ten\u00fd biskupom L\u00e1szl\u00f3 Fazekasom. V roku 2020 far\u00e1rka: Sarolta Szab\u00f3, spr\u00e1vca: Andr\u00e1s Fitos<\/p>\r\n<p>Najstar\u0161ou pamiatkou stojacou v chot\u00e1ri obce bol r\u00edmskokatol\u00edcky kostol sv. J\u00e1na Nepomuck\u00e9ho\u00a0v b\u00fdvalej osade Arcibiskupsk\u00fd L\u00e9l. P\u00f4vodn\u00e1 stavba pravdepodobne poch\u00e1dzala z \u010dias panovania kr\u00e1\u013ea sv. Istv\u00e1na po roku 1000. Prv\u00e1 zmienka o tunaj\u0161ej farnosti je z roku 1332. V \u010dase tureck\u00fdch vojen spolu s obcou spustol aj kostol.\u00a0<br \/>Na za\u010diatku 18. storo\u010dia\u00a0budovu znovu postavila ako s\u00fakromn\u00fa kaplnku man\u017eelka Ign\u00e1ca Malovicziusa. V roku 1787 k p\u00f4vodnej stavbe n\u00e1bo\u017eensk\u00e1 z\u00e1kladina dala pristava\u0165 sakristiu a roz\u0161\u00edrila presbyt\u00e9rium, z\u00e1rove\u0148 star\u00e1 \u010das\u0165 bola re\u0161taurovan\u00e1. V roku 1864 bola klasicistick\u00e1 stavba obnoven\u00e1 a pred jej hlavn\u00e9 \u0161t\u00edtov\u00e9 prie\u010delie postaven\u00e1 ve\u017ea. V roku 1911 bol kostol obnoven\u00fd, naposledy v roku 1950. Nesk\u00f4r kostol pomaly za\u010dal pustn\u00fa\u0165. Potom u\u017e nebolo \u010dloveka, ktor\u00fd by sa kostola ujal, pr\u00edpadne uzamkol ho. Nesk\u00f4r sa prepadol strop lode, v roku 1993 bola t\u00e1to vz\u00e1cna pamiatka s po\u017eehnan\u00edm pamiatk\u00e1rov a farsk\u00e9ho \u00faradu trestuhodne zb\u00faran\u00e1.<br \/>Nov\u00e1 katol\u00edcka kaplnka za dedinskom cintor\u00edne bola postaven\u00e1 z materi\u00e1lu zruinovan\u00e9ho katol\u00edckeho kostola. Bol vysv\u00e4ten\u00fd 10. m\u00e1ja 2007.<\/p>\r\n<p>Klasicistick\u00fd ka\u0161tie\u013e\u00a0v obci dal okolo roku 1830 postavi\u0165 K\u00e1roly Z\u00e1mory ved\u013ea kalv\u00ednskeho kostola. Na prelome 19. a 20. storo\u010dia zdedil budovu bar\u00f3n G\u00e9za Fej\u00e9rv\u00e1ry, do ktor\u00e9ho rodiny sa pri\u017eenil bar\u00f3n Gyula Malcomes. Ten v roku 1935 dedil Fej\u00e9rv\u00e1ryovsk\u00fd ve\u013ekostatok. Po roku 1945 ka\u0161tie\u013e za\u010das sl\u00fa\u017eil bytov\u00fdm \u00fa\u010delom, nesk\u00f4r tu malo s\u00eddlo miestne \u0160M. V roku 1980 bola budova ne\u0161\u0165astne obnoven\u00e1 (fas\u00e1dy boli zbaven\u00e9 architektonick\u00fdch detailov) a pred rokom 1990 bol ka\u0161tie\u013e opusten\u00fd a pr\u00e1zdny je dodnes. Budova je v zlom stavebnom stave a jej osud je dodnes nejasn\u00fd. V roku 2002 bola zrekon\u0161truovan\u00e1 a k nej pristavan\u00e1 aj novostavba. Dnes sl\u00fa\u017ei ako bytov\u00fd dom. Je to neskoroklasicistick\u00e1 dvojpodla\u017en\u00e1 stavba na obd\u013a\u017en\u00edkovom p\u00f4doryse s plytk\u00fdmi rizalitmi na n\u00e1ro\u017eiach, ktor\u00e9 p\u00f4vodne mali rustiku, podobne ako aj ostatn\u00e9 n\u00e1ro\u017eia ka\u0161tie\u013ea.<\/p>\r\n<p>V roku 1927 k\u00fapil tu majetok Marcell Goldschmied a na za\u010diatku chot\u00e1ra b\u00fdvalej obce Mal\u00e9 Kosihy si dal e\u0161te v tomto roku postavi\u0165\u00a0modern\u00fd poschodov\u00fd ka\u0161tie\u013e\u00a0na sp\u00f4sob alpsk\u00fdch v\u00edl. V roku 1944 bol majite\u013e s man\u017eelkou nyilasmi odvle\u010den\u00fd do koncentra\u010dn\u00e9ho t\u00e1bora, odkia\u013e sa u\u017e nevr\u00e1tili. Po roku 1945 bola budova opraven\u00e1 pre \u00fa\u010dely MNV (dnes obecn\u00fd \u00farad) a bytu ved\u00faceho, nesk\u00f4r posty. Ka\u0161tie\u013e je modern\u00e1 poschodov\u00e1 budova na \u0161tvorcovom p\u00f4doryse bez n\u00e1ro\u010dnej\u0161\u00edch architektonick\u00fdch detailov.<\/p>\r\n<p>Dreven\u00e1 zvonica v\u00a0obecnom \u010dasti Kiskeszi \u2013 postaven\u00e1 v roku 1926 \u2013 bola nesk\u00f4r nahraden\u00e1 \u017eeleznou kon\u0161trukciou. Bronzov\u00fd zvon sa vyrobil z\u00a0darov obyvate\u013eov Kiszkeszi u Jakaba Doszt\u00e1la v Kom\u00e1rome.<\/p>[\/et_pb_text][et_pb_divider color=&#8221;rgba(126,190,197,0)&#8221; _builder_version=&#8221;4.5.1&#8243; _module_preset=&#8221;default&#8221; background_image=&#8221;https:\/\/kesziert.online\/wp-content\/uploads\/2020\/10\/w65875638.jpg&#8221; parallax=&#8221;on&#8221; min_height=&#8221;600px&#8221; custom_margin=&#8221;30px||29px|||&#8221; animation_style=&#8221;fade&#8221; hover_enabled=&#8221;0&#8243; border_radii=&#8221;on|20px|20px|20px|20px&#8221; title_text=&#8221;w65875638&#8243;][\/et_pb_divider][et_pb_text _builder_version=&#8221;4.5.1&#8243; _module_preset=&#8221;default&#8221; animation_style=&#8221;fade&#8221; hover_enabled=&#8221;0&#8243;]<p>Na reformovanom cintor\u00edne je pomn\u00edk padl\u00fdm v 1. svetovej vojne (socha hrdinov), ktor\u00fd v roku 1929 postavil miestny spev\u00e1cky zbor z vlastn\u00fdch pe\u0148az\u00ed a darov. Pam\u00e4tn\u00edk je dielom zn\u00e1meho kom\u00e1romsk\u00e9ho kamen\u00e1ra Viktora Kom\u00e1romiho, kov\u00e1\u010dske pr\u00e1ce (vt\u00e1ka turul, veniec, plot) vyrobil Antal T\u00f6r\u00f6k z Kom\u00e1romu. Na podstavci s\u00fa men\u00e1 35 obet\u00ed.<\/p>\r\n<p>Pri vstupe na cintor\u00edn stoj\u00ed pomn\u00edk obetiam II. svetovej vojny, ktor\u00fd postavil obec v roku 1995. Na podstavci je vidie\u0165 reli\u00e9f erbu obce a olivov\u00fa vetvu. Na podstavci s\u00fa men\u00e1 47 obet\u00ed.<\/p>\r\n<p>Centr\u00e1lny kr\u00ed\u017e r\u00edmskokatol\u00edckej \u010dasti cintor\u00edna postavili v roku 1936 katol\u00edcki veriaci obce. Bronzov\u00fd korpusov\u00fd kr\u00ed\u017e vysv\u00e4til J\u00f3zsef, k\u0148az z \u010c\u00ed\u010dova. Predt\u00fdm \u2013 na tom istom mieste &#8211; st\u00e1l dreven\u00fd kr\u00ed\u017e, ktor\u00fd v\u0161ak \u010dasom zhnil.<\/p>\r\n<p>P\u00f4vodn\u00fd dreven\u00fd kr\u00ed\u017e v cintor\u00edne v\u00a0obecnom \u010dasti Ok\u00e1nikovo m\u00e1 centr\u00e1lny \u017eelezn\u00fd kr\u00ed\u017e s ma\u013eovan\u00fdm plechov\u00fdm korpusom, postaven\u00fd v roku 1970.<\/p>\r\n<p>V Podunajskom m\u00fazeu v Kom\u00e1rne sa nach\u00e1dza\u00a0mramorov\u00e1 pam\u00e4tn\u00e1 tabu\u013ea\u00a0p\u00f4vodne osaden\u00e1 na dunajskej strane hr\u00e1dze. Bola vyroben\u00e1 v roku 1856 z v\u010faky za vedenie pr\u00e1c regul\u00e1cie v\u00f4d \u017ditn\u00e9ho ostrova predsedom gr\u00f3fom J\u00e1nosom Waldsteinom a cis\u00e1rskokr\u00e1\u013eovsk\u00fdm \u017eupn\u00fdm in\u017einierom J\u00e1nosom Ambr\u00f3zom.<\/p>\r\n<p>V z\u00e1kladnej \u0161kole je pam\u00e4tn\u00e1 tabu\u013ea v ma\u010farskom a slovenskom jazyku z roku 1929 osaden\u00e1 z v\u010faky za postavenie \u0161koly obcou Ve\u013ek\u00e9 Kosihy z iniciat\u00edvy not\u00e1ra Vince V\u00f6r\u00f6ssa na pozemku. darovanom Marcellom Goldschmiedom podnikate\u013emi Haasom a M\u00e1dym. Tabu\u013ea sa nach\u00e1dza v chodbe \u0161koly.<\/p>\r\n<p>Zauj\u00edmavou stavbou je\u00a0star\u00e1 pre\u010derp\u00e1vacia stanica, p\u00f4vodne len stavisko vstavan\u00e9 do dunajskej hr\u00e1dze, s\u00fa\u010das\u0165 odvod\u0148ovacieho syst\u00e9mu \u017ditn\u00e9ho ostrova, postaven\u00e9 roku 1856. V roku 1913 bola postaven\u00e1 men\u0161ia pr\u00edzemn\u00e1 budova parnej pre\u010derp\u00e1vacej stanice, ktor\u00e1 od roku 1965 je nefunk\u010dn\u00e1. Strojn\u00e9 zariadenie typicky tov\u00e1renskej budovy sa nezachovalo.<\/p>\r\n<p>Stavba star\u00e9ho obecn\u00e9ho \u00faradu\u00a0bola postaven\u00e1 v roku 1890, ale po po\u017eiari v roku 1911 bola prestavan\u00e1 a zv\u00e4\u010d\u0161en\u00e1. V budove bol zriaden\u00fd aj byt not\u00e1ra. P\u00f4vodne to bola pr\u00edzemn\u00e1 stavba na p\u00f4doryse s tvarom nepravideln\u00e9ho U. Po roku 1945 bola v budove umiestnen\u00e1 po\u0161ta, potom obchod a dom\u00e1cimi potrebami a dnes je v nej cukr\u00e1re\u0148. Stavba po viacer\u00fdch prestavb\u00e1ch a \u00faprav\u00e1ch stratila svoj p\u00f4vodn\u00fd vzh\u013ead.<\/p>\r\n<p>Budova starej po\u017eiarnej zbrojnice v Mal\u00fdch Kosih\u00e1ch\u00a0bola postaven\u00e1 v roku 1928 a zb\u00faran\u00e1 v roku 1976.\u00a0Stavba po\u017eiarnej zbrojnice vo Ve\u013ek\u00fdch Kosih\u00e1ch\u00a0bola postaven\u00e1 v roku 1937, pr\u00edzemn\u00e1 jednoduch\u00e1 stavba sa v obci zachovala dodnes.<\/p>\r\n<p>V\u00fdraznou stavbou je\u00a0budova b\u00fdval\u00fdch kas\u00e1rn\u00ed pohrani\u010dn\u00edkov\u00a0(fin\u00e1nckaszarnya) postaven\u00e1 v rokoch 1926\u20131927. Je to poschodov\u00e1 funkcionalistick\u00e1 obd\u013a\u017enikov\u00e1 stavba s dvojosov\u00fdmi n\u00e1rozn\u00fdmi rizalitmi. V budove je dnes umiestnen\u00e9 zdravotn\u00e9 stredisko, matersk\u00e1 \u0161kola, kadern\u00edctvo a oprava obuvi.<\/p>\r\n<p>Do chot\u00e1ra obce patr\u00ed aj budova \u017eelezni\u010dnej stanice Okoli\u010dn\u00e1 na Ostrove postaven\u00e1 v roku 1896 na trati Kom\u00e1rno \u2013 Dunajsk\u00e1 Streda, ktor\u00e1 bola verejnosti sl\u00e1vnostne odovzdan\u00e1 17. novembra 1896. Typick\u00e1 mal\u00e1 pr\u00edzemn\u00e1 obd\u013a\u017enikov\u00e1 stani\u010dn\u00e1 budova sa zachovala dodnes takmer v p\u00f4vodnom stave. Po roku 1945 t\u00e1to tra\u0165 zanikla.<\/p>\r\n<p>Takmer v\u0161etky star\u00e9 domy obce zni\u010dila povode\u0148 v roku 1965. Vo dvoroch viacer\u00fdch domov sa zachovali samostatn\u00e9 stavby latkov\u00fdch \u0161op, ma\u0161tal\u00ed, letn\u00fdch kuch\u00fd\u0148 a aj ob\u010das vahadlov\u00e9 studne. P\u00f4vodn\u00fa z\u00e1stavou obce reprezentovali\u00a0trojpriestorov\u00e9 \u013eudov\u00e9 domy\u00a0z nep\u00e1len\u00fdch teh\u00e1l, obielen\u00e9, pod sedlov\u00fdmi strechami kryt\u00fdmi trstinou. Domy z 1. polovice 20. storo\u010dia boli stavan\u00e9 z p\u00e1len\u00fdch teh\u00e1l, nadv\u00e4zuj\u00face na p\u00f4vodn\u00e9 dispoz\u00edcie a mali u\u017e tvrd\u00fa krytinu.<\/p>[\/et_pb_text][et_pb_text _builder_version=&#8221;4.5.1&#8243; _module_preset=&#8221;default&#8221;]<p style=\"text-align: right;\"><em>Zdroj: Honismereti Kisk\u00f6nyvt\u00e1r 116. sz\u00e1m, KT K\u00f6nyv- \u00e9s Lapkiad\u00f3 Kft., 1999<\/em><\/p>[\/et_pb_text][\/et_pb_column][\/et_pb_row][\/et_pb_section]\n","protected":false},"excerpt":{"rendered":"","protected":false},"author":1,"featured_media":492,"comment_status":"closed","ping_status":"closed","sticky":false,"template":"","format":"standard","meta":{"_et_pb_use_builder":"on","_et_pb_old_content":"","_et_gb_content_width":""},"categories":[19,2],"tags":[],"yoast_head":"<!-- This site is optimized with the Yoast SEO plugin v16.0.2 - https:\/\/yoast.com\/wordpress\/plugins\/seo\/ -->\n<title>Kult\u00farne pamiatky | Keszi\u00c9rt | Polg\u00e1ri t\u00e1rsul\u00e1s<\/title>\n<link rel=\"canonical\" href=\"https:\/\/kesziert.online\/sk\/kulturne-pamiatky\/\" \/>\n<meta property=\"og:locale\" content=\"sk_SK\" \/>\n<meta property=\"og:type\" content=\"article\" \/>\n<meta property=\"og:title\" content=\"Kult\u00farne pamiatky | Keszi\u00c9rt | Polg\u00e1ri t\u00e1rsul\u00e1s\" \/>\n<meta property=\"og:url\" content=\"https:\/\/kesziert.online\/sk\/kulturne-pamiatky\/\" \/>\n<meta property=\"og:site_name\" content=\"Keszi\u00c9rt | Polg\u00e1ri t\u00e1rsul\u00e1s\" \/>\n<meta property=\"article:published_time\" content=\"2020-11-04T01:03:46+00:00\" \/>\n<meta property=\"article:modified_time\" content=\"2020-11-12T07:16:10+00:00\" \/>\n<meta property=\"og:image\" content=\"https:\/\/kesziert.online\/wp-content\/uploads\/2020\/10\/w65875638.jpg\" \/>\n\t<meta property=\"og:image:width\" content=\"900\" \/>\n\t<meta property=\"og:image:height\" content=\"590\" \/>\n<meta name=\"twitter:card\" content=\"summary_large_image\" \/>\n<meta name=\"twitter:label1\" content=\"Predpokladan\u00fd \u010das \u010d\u00edtania\">\n\t<meta name=\"twitter:data1\" content=\"8 min\u00fat\">\n<script type=\"application\/ld+json\" class=\"yoast-schema-graph\">{\"@context\":\"https:\/\/schema.org\",\"@graph\":[{\"@type\":\"WebSite\",\"@id\":\"https:\/\/kesziert.online\/#website\",\"url\":\"https:\/\/kesziert.online\/\",\"name\":\"Keszi\\u00c9rt | Polg\\u00e1ri t\\u00e1rsul\\u00e1s\",\"description\":\"Mert a k\\u00f6z \\u00e9rdek.\",\"potentialAction\":[{\"@type\":\"SearchAction\",\"target\":\"https:\/\/kesziert.online\/?s={search_term_string}\",\"query-input\":\"required name=search_term_string\"}],\"inLanguage\":\"sk-SK\"},{\"@type\":\"ImageObject\",\"@id\":\"https:\/\/kesziert.online\/sk\/kulturne-pamiatky\/#primaryimage\",\"inLanguage\":\"sk-SK\",\"url\":\"https:\/\/kesziert.online\/wp-content\/uploads\/2020\/10\/w65875638.jpg\",\"width\":900,\"height\":590},{\"@type\":\"WebPage\",\"@id\":\"https:\/\/kesziert.online\/sk\/kulturne-pamiatky\/#webpage\",\"url\":\"https:\/\/kesziert.online\/sk\/kulturne-pamiatky\/\",\"name\":\"Kult\\u00farne pamiatky | Keszi\\u00c9rt | Polg\\u00e1ri t\\u00e1rsul\\u00e1s\",\"isPartOf\":{\"@id\":\"https:\/\/kesziert.online\/#website\"},\"primaryImageOfPage\":{\"@id\":\"https:\/\/kesziert.online\/sk\/kulturne-pamiatky\/#primaryimage\"},\"datePublished\":\"2020-11-04T01:03:46+00:00\",\"dateModified\":\"2020-11-12T07:16:10+00:00\",\"author\":{\"@id\":\"https:\/\/kesziert.online\/#\/schema\/person\/83046abe7cdf05364fa2dc222492580a\"},\"breadcrumb\":{\"@id\":\"https:\/\/kesziert.online\/sk\/kulturne-pamiatky\/#breadcrumb\"},\"inLanguage\":\"sk-SK\",\"potentialAction\":[{\"@type\":\"ReadAction\",\"target\":[\"https:\/\/kesziert.online\/sk\/kulturne-pamiatky\/\"]}]},{\"@type\":\"BreadcrumbList\",\"@id\":\"https:\/\/kesziert.online\/sk\/kulturne-pamiatky\/#breadcrumb\",\"itemListElement\":[{\"@type\":\"ListItem\",\"position\":1,\"item\":{\"@type\":\"WebPage\",\"@id\":\"https:\/\/kesziert.online\/sk\/\",\"url\":\"https:\/\/kesziert.online\/sk\/\",\"name\":\"Kezd\\u0151lap\"}},{\"@type\":\"ListItem\",\"position\":2,\"item\":{\"@type\":\"WebPage\",\"@id\":\"https:\/\/kesziert.online\/sk\/kulturne-pamiatky\/\",\"url\":\"https:\/\/kesziert.online\/sk\/kulturne-pamiatky\/\",\"name\":\"Kult\\u00farne pamiatky\"}}]},{\"@type\":\"Person\",\"@id\":\"https:\/\/kesziert.online\/#\/schema\/person\/83046abe7cdf05364fa2dc222492580a\",\"name\":\"root\",\"image\":{\"@type\":\"ImageObject\",\"@id\":\"https:\/\/kesziert.online\/#personlogo\",\"inLanguage\":\"sk-SK\",\"url\":\"https:\/\/secure.gravatar.com\/avatar\/666004620c0fc8e45e1e52ce314346c3?s=96&d=mm&r=g\",\"caption\":\"root\"},\"sameAs\":[\"https:\/\/kesziert.proweboldal.hu\"]}]}<\/script>\n<!-- \/ Yoast SEO plugin. -->","_links":{"self":[{"href":"https:\/\/kesziert.online\/sk\/wp-json\/wp\/v2\/posts\/516"}],"collection":[{"href":"https:\/\/kesziert.online\/sk\/wp-json\/wp\/v2\/posts"}],"about":[{"href":"https:\/\/kesziert.online\/sk\/wp-json\/wp\/v2\/types\/post"}],"author":[{"embeddable":true,"href":"https:\/\/kesziert.online\/sk\/wp-json\/wp\/v2\/users\/1"}],"replies":[{"embeddable":true,"href":"https:\/\/kesziert.online\/sk\/wp-json\/wp\/v2\/comments?post=516"}],"version-history":[{"count":3,"href":"https:\/\/kesziert.online\/sk\/wp-json\/wp\/v2\/posts\/516\/revisions"}],"predecessor-version":[{"id":603,"href":"https:\/\/kesziert.online\/sk\/wp-json\/wp\/v2\/posts\/516\/revisions\/603"}],"wp:featuredmedia":[{"embeddable":true,"href":"https:\/\/kesziert.online\/sk\/wp-json\/wp\/v2\/media\/492"}],"wp:attachment":[{"href":"https:\/\/kesziert.online\/sk\/wp-json\/wp\/v2\/media?parent=516"}],"wp:term":[{"taxonomy":"category","embeddable":true,"href":"https:\/\/kesziert.online\/sk\/wp-json\/wp\/v2\/categories?post=516"},{"taxonomy":"post_tag","embeddable":true,"href":"https:\/\/kesziert.online\/sk\/wp-json\/wp\/v2\/tags?post=516"}],"curies":[{"name":"wp","href":"https:\/\/api.w.org\/{rel}","templated":true}]}}